{"id":423,"date":"2016-01-11T12:50:07","date_gmt":"2016-01-11T11:50:07","guid":{"rendered":"http:\/\/www.acogei.it\/fr\/?p=423"},"modified":"2016-01-11T12:51:48","modified_gmt":"2016-01-11T11:51:48","slug":"avec-lexperience-et-la-passion-par-la-plante-de-projet","status":"publish","type":"post","link":"https:\/\/www.acogei.it\/fr\/nouvelles-de-presse\/avec-lexperience-et-la-passion-par-la-plante-de-projet\/","title":{"rendered":"Avec l&rsquo;exp\u00e9rience et la \u00abpassion\u00bb par la plante de projet"},"content":{"rendered":"\n<style type=\"text\/css\" data-created_by=\"avia_inline_auto\" id=\"style-css-av-av_image-83858d3a4215ab572f0724ec0f993a10\">\n.avia-image-container.av-av_image-83858d3a4215ab572f0724ec0f993a10 img.avia_image{\nbox-shadow:none;\n}\n.avia-image-container.av-av_image-83858d3a4215ab572f0724ec0f993a10 .av-image-caption-overlay-center{\ncolor:#ffffff;\n}\n<\/style>\n<div  class='avia-image-container av-av_image-83858d3a4215ab572f0724ec0f993a10 av-styling- avia-align-center  avia-builder-el-0  el_before_av_heading  avia-builder-el-first '   itemprop=\"image\" itemscope=\"itemscope\" itemtype=\"https:\/\/schema.org\/ImageObject\" ><div class=\"avia-image-container-inner\"><div class=\"avia-image-overlay-wrap\"><img decoding=\"async\" fetchpriority=\"high\" class='wp-image-80 avia-img-lazy-loading-not-80 avia_image ' src=\"https:\/\/www.acogei.it\/wp-content\/uploads\/2015\/12\/img-acogei-storia-774x430.jpg\" alt='Staff ACOGEI' title='Staff ACOGEI'  height=\"430\" width=\"774\"  itemprop=\"thumbnailUrl\"  \/><\/div><\/div><\/div>\n\n<style type=\"text\/css\" data-created_by=\"avia_inline_auto\" id=\"style-css-av-av_heading-e32e83e8933df5f2661a1fd172e084f2\">\n#top .av-special-heading.av-av_heading-e32e83e8933df5f2661a1fd172e084f2{\npadding-bottom:10px;\n}\nbody .av-special-heading.av-av_heading-e32e83e8933df5f2661a1fd172e084f2 .av-special-heading-tag .heading-char{\nfont-size:25px;\n}\n.av-special-heading.av-av_heading-e32e83e8933df5f2661a1fd172e084f2 .av-subheading{\nfont-size:15px;\n}\n<\/style>\n<div  class='av-special-heading av-av_heading-e32e83e8933df5f2661a1fd172e084f2 av-special-heading-h2 blockquote modern-quote  avia-builder-el-1  el_after_av_image  el_before_av_textblock '><h2 class='av-special-heading-tag '  itemprop=\"headline\"  >Avec l\u2019exp\u00e9rience et la \u00abpassion\u00bb par la plante de projet<\/h2><div class=\"special-heading-border\"><div class=\"special-heading-inner-border\"><\/div><\/div><\/div>\n<section  class='av_textblock_section av-av_textblock-0366cc7376be6c9e82a3e9cc8987b64f '   itemscope=\"itemscope\" itemtype=\"https:\/\/schema.org\/BlogPosting\" itemprop=\"blogPost\" ><div class='avia_textblock'  itemprop=\"text\" ><p style=\"text-align: justify;\"><div  class='avia-button-wrap av-av_button-b04c002e108494c2a9a2b28f0208de2b-wrap avia-button-left  avia-builder-el-3  avia-builder-el-no-sibling '><a href='http:\/\/www.acogei.it\/wp-content\/uploads\/2015\/12\/GT-MARZO-2015.pdf'  class='avia-button av-av_button-b04c002e108494c2a9a2b28f0208de2b av-link-btn avia-icon_select-yes-left-icon avia-size-small avia-position-left avia-color-theme-color'  target=\"_blank\"  rel=\"noopener noreferrer\"  aria-label=\"VERSIONE PDF\"><span class='avia_button_icon avia_button_icon_left avia-iconfont avia-font-entypo-fontello' data-av_icon='\ue84d' data-av_iconfont='entypo-fontello' ><\/span><span class='avia_iconbox_title' >VERSIONE PDF<\/span><\/a><\/div><\/p>\n<p style=\"text-align: justify;\"><span id=\"result_box\" class=\"\" lang=\"fr\"><span title=\"Abbiamo recentemente intervista Nicola Cannito, installatore del profondo Sud e in particolare di Altamura, \u201cla Leonessa di Puglia\u201d, citt\u00e0 fi era e ribelle, bella e nobile per la sua storia e cultura legata a Federico II di Svevia.\">Nous interview r\u00e9cemment Nicola Cannito, installateur du Sud profond et en particulier d&rsquo;Altamura, \u00ab\u00a0la Lionne des Pouilles\u00a0\u00bb, fi ville \u00e9tait rebelle, belle et noble pour son histoire et la culture li\u00e9e \u00e0 Fr\u00e9d\u00e9ric II de Souabe. <\/span><span title=\"Siamo a poco pi\u00f9 di 40 km da Bari ea 19 km da Matera, quasi al confi ne con la Basilicata. \">Nous sommes un peu plus de 40 km de Bari et \u00e0 19 km de Matera, presque \u00e0 la fronti\u00e8re avec la Basilicate.<br \/>\n<\/span><span title=\"Nicola Cannito ha vissuto sulla sua pelle l'emigrazione, \u00e8 ritornato ad Altamura e non ha esitato a mettersi in discussione unendo la sua professionalit\u00e0 ed esperienza di progettista, acquisita in Breda, creando una sua impresa idraulica Acogei Srl che ha assunto giovani per gestire le\">Nicola Cannito a v\u00e9cu sur son \u00e9migration de la peau, il est retourn\u00e9 \u00e0 Altamura et n&rsquo;a pas h\u00e9sit\u00e9 \u00e0 remettre en cause la combinaison de son professionnalisme et l&rsquo;exp\u00e9rience du concepteur, acquise \u00e0 Breda, en cr\u00e9ant sa propre entreprise hydraulique Acogei Srl qui a pris les jeunes \u00e0 g\u00e9rer <\/span><span title=\"moderne tecnologie informatiche: esperienza e innovazione. \">la technologie moderne de l&rsquo;information: l&rsquo;exp\u00e9rience et l&rsquo;innovation.<br \/>\n<\/span><span title=\"Una sorta di modello integrato che permette di affrontare esigenze di vario tipo sul territorio ma aperto anche ad esperienze fuori confi ne, europeo ed extraeuropeo, con collaborazioni mirate ad aprire nuovi orizzonti di lavoro.\">Une sorte de mod\u00e8le int\u00e9gr\u00e9 qui peut r\u00e9pondre aux besoins de divers types dans le territoire, mais aussi ouvert \u00e0 des exp\u00e9riences en dehors de confi, l&rsquo;Europe et ailleurs, avec des collaborations cibl\u00e9es pour ouvrir de nouveaux horizons de travail. <\/span><span title=\"Non sembri strano ma fuori dai nostri confi ni, soprattutto in Germania, amano e apprezzano le cose fatte bene dagli \">Il ne semble pas \u00e9trange, mais en dehors de notre ni confi, en particulier en Allemagne, l&rsquo;amour et appr\u00e9cier les bonnes choses faites par<br \/>\n<\/span><span title=\"italiani!\">Italienne!<\/span><\/span><\/p>\n<h3 style=\"text-align: justify;\"><span id=\"result_box\" class=\"short_text\" lang=\"fr\"><span class=\"hps\">Mais<\/span> <span class=\"hps\">ce<\/span> <span class=\"hps\">\u00abretraite\u00bb<\/span><\/span>\u2026<\/h3>\n<p style=\"text-align: justify;\"><span id=\"result_box\" class=\"\" lang=\"fr\"><span title=\"\u201cMi chiamo Nicola Cannito, ho 68 anni e una piccola impresa di progettazione e costruzione di impianti meccanici a fl uido.\">\u00ab\u00a0Mon nom est Nicola Cannito, je suis \u00e2g\u00e9 de 68 ans et une conception de la petite entreprise et de la construction m\u00e9canique du fluide. <\/span><span title=\"Mi si pu\u00f2 certamente obiettare: perch\u00e9 non ti ritiri in pensione?\">Vous pouvez certainement faire valoir, pourquoi vous ne retirez pas \u00e0 la retraite? <\/span><span title=\"Forse perch\u00e9 mi sono forgiato, come tutta la mia generazione, nella lotta per la sopravvivenza e per la conoscenza: professionale e umana.\">Peut-\u00eatre parce que je l&rsquo;ai fa\u00e7onn\u00e9, comme toute ma g\u00e9n\u00e9ration, dans la lutte pour la survie et de la connaissance: professionnel et personnel. <\/span><span title=\"Perci\u00f2 il ritiro a vita privata sarebbe un atto di rinuncia e non gi\u00e0 un momento di lotta per la vita propria e del prossimo.\">Ainsi, le retrait de la vie publique serait un acte de renonciation, et non pas un temps pour se battre pour sa vie et la suivante. <\/span><span title=\"Sono stato migrante all'inizio degli anni sessanta, dal Sud verso il Nord del mio Paese, dalla Puglia a Milano, con il mio titolo di studio di licenza elementare e con il desiderio di dare risposta al bisogno di una vita dignitosa.\">Je suis un migrant dans les ann\u00e9es soixante, du Sud au Nord de mon pays, des Pouilles \u00e0 Milan, avec mon dipl\u00f4me en \u00e9cole \u00e9l\u00e9mentaire et un d\u00e9sir de r\u00e9pondre \u00e0 la n\u00e9cessit\u00e9 d&rsquo;une vie digne. <\/span><span title=\"Pertanto, il motore di questa migrazione era alimentato da due elementi essenziali: il bisogno di lavoro per la sopravvivenza quale prodotto dell'istinto pi\u00f9 forte dell'essere umano;\">Par cons\u00e9quent, le moteur de cette migration a \u00e9t\u00e9 aliment\u00e9 par deux \u00e9l\u00e9ments essentiels: la n\u00e9cessit\u00e9 de travailler pour survivre en tant que produit de l&rsquo;instinct plus fort que l&rsquo;\u00eatre humain; <\/span><span title=\"il bisogno di appropriarmi di strumenti che consentissero la crescita della conoscenza, del sapere.\">la n\u00e9cessit\u00e9 de prendre possession d&rsquo;outils qui ont permis la croissance de la connaissance, de la connaissance. <\/span><span title=\"Sono stato lavoratore studente negli anni sessanta\/settanta in quel di Milano. \">Je suis un travailleur de l&rsquo;\u00e9tudiant dans les ann\u00e9es soixante \/ soixante-dix dans celui de Milan. <\/span><span title=\"Periodo intriso di grandi difficolt\u00e0 per la poca disponibilit\u00e0 di tempo necessario per ottemperare agli impegni assunti e per lo scontro sociale in atto nel Paese\u201d.\">Tremp\u00e9 p\u00e9riode de grande difficult\u00e9 pour le manque de temps n\u00e9cessaire pour remplir les engagements pris et les conflits sociaux qui se d\u00e9roule dans le pays \u00ab\u00a0.<\/span><\/span><\/p>\n<h3 style=\"text-align: justify;\"><span id=\"result_box\" class=\"short_text\" lang=\"fr\"><span class=\"hps\">Le<\/span> <span class=\"hps\">retour \u00e0 la maison<\/span><\/span><\/h3>\n<p style=\"text-align: justify;\"><span id=\"result_box\" class=\"\" lang=\"fr\"><span class=\"hps atn\">\u00ab\u00a0<\/span>En 1981, apr\u00e8s <span class=\"hps\">plus de vingt ans<\/span>, <span class=\"hps\">je suis retourn\u00e9 au<\/span> <span class=\"hps\">Sud pour travailler<\/span> <span class=\"hps\">au Spa<\/span> <span class=\"hps\">OTB<\/span> <span class=\"hps atn\">(<\/span>cine <span class=\"hps\">Offi<\/span> <span class=\"hps\">TERMOTECNICHE<\/span> <span class=\"hps\">Breda<\/span> <span class=\"hps\">Spa<\/span>), <span class=\"hps\">bas\u00e9e \u00e0<\/span> <span class=\"hps\">Bari<\/span>, qui <span class=\"hps\">produit<\/span> <span class=\"hps\">des machines<\/span> <span class=\"hps\">pour l&rsquo;air<\/span> <span class=\"hps\">conditionn\u00e9<\/span> <span class=\"hps atn\">(<\/span>refroidisseurs <span class=\"hps\">P.<\/span> <span class=\"hps\">et C.<\/span> <span class=\"hps\">g\u00e9n\u00e9rateurs thermiques<\/span>), comme <span class=\"hps\">ing\u00e9nieur de conception<\/span> <span class=\"hps\">dans la<\/span> <span class=\"hps\">division de<\/span> <span class=\"hps\">recherche et d\u00e9veloppement,<\/span> <span class=\"hps\">avec le<\/span> <span class=\"hps\">dipl\u00f4me en<\/span> <span class=\"hps\">industriel<\/span> <span class=\"hps\">et parcours professionnel<\/span> <span class=\"hps\">avec un<\/span> <span class=\"hps\">costruitosi<\/span> <span class=\"hps\">appr\u00e9ciable de<\/span> <span class=\"hps\">plus de vingt ans<\/span> <span class=\"hps\">de<\/span> <span class=\"hps\">travail et d&rsquo;\u00e9tude<\/span> <span class=\"hps\">r\u00e9alis\u00e9 au cours de<\/span> <span class=\"hps\">mon s\u00e9jour<\/span> <span class=\"hps\">\u00e0 Milan<\/span>. <span class=\"hps\">En 1995<\/span>, <span class=\"hps\">le groupe<\/span> <span class=\"hps\">OTB<\/span> <span class=\"hps\">Spa<\/span> <span class=\"hps\">&#8211;<\/span> <span class=\"hps atn\">faisant partie de l&rsquo;<\/span>EFIM <span class=\"hps\">&#8211;<\/span> <span class=\"hps\">a finalement \u00e9t\u00e9<\/span> <span class=\"hps\">ferm\u00e9 et<\/span> <span class=\"hps\">tous les travailleurs licenci\u00e9s<\/span>. <span class=\"hps\">Les<\/span> <span class=\"hps\">fa\u00e7ons<\/span> <span class=\"hps\">possibles<\/span> <span class=\"hps\">sont rest\u00e9s<\/span>: <span class=\"hps\">riemigrare<\/span> <span class=\"hps\">le nord<\/span> <span class=\"hps\">du pays<\/span>; <span class=\"hps\">\u00e0 exploiter<\/span> <span class=\"hps\">l&rsquo;exp\u00e9rience<\/span> <span class=\"hps\">et les connaissances professionnelles<\/span> <span class=\"hps\">accumul\u00e9es et<\/span> <span class=\"hps\">\u00e0 t\u00e2tons<\/span> <span class=\"hps\">pour une nouvelle exp\u00e9rience<\/span>: <span class=\"hps\">entrer en<\/span> <span class=\"hps\">proprio.Seppure<\/span> <span class=\"hps\">c\u00f4t\u00e9 de<\/span> <span class=\"hps\">cinquante<\/span> <span class=\"hps\">ans<\/span><span class=\"\">,<\/span> <span class=\"hps\">le choix<\/span> <span class=\"hps\">est tomb\u00e9 sur<\/span> <span class=\"hps\">la nouvelle<\/span> <span class=\"hps\">exp\u00e9rience de Voyage<\/span>: <span class=\"hps atn\">entrepreneuriale \u00bb<\/span><span class=\"\">.<\/span><\/span><\/p>\n<h3 style=\"text-align: justify;\"><span id=\"result_box\" class=\"short_text\" lang=\"fr\"><span class=\"hps\">Ainsi, il<\/span> <span class=\"hps\">est n\u00e9<\/span> <span class=\"hps\">ACOGEI<\/span><\/span>\u2026<\/h3>\n<p style=\"text-align: justify;\"><span id=\"result_box\" class=\"\" lang=\"fr\"><span title=\"\u201cCostituisco la ACOGEI Srl (Assistenza Costruzione Gestione Impianti), una societ\u00e0 impiantistica per la progettazione e costruzione di impianti meccanici a fluido, con un contenuto quasi inedito per una piccola societ\u00e0 nascente, con lo scopo di fornire impianti dalla fase di progettazione a quella di\">\u00abJe l&rsquo;ai nomm\u00e9 ACOGEI Srl (Construction Support Facilities Management), une soci\u00e9t\u00e9 d&rsquo;ing\u00e9nierie de l&rsquo;usine pour la conception et la construction de fluide m\u00e9canique, contenant presque sans pr\u00e9c\u00e9dent pour une petite entreprise naissante, afin de fournir des syst\u00e8mes de la conception \u00e0 celle de <\/span><span title=\"consegna di tutta la fornitura in opera\u201d.\">La livraison de toute la fourniture et l&rsquo;installation \u00ab\u00a0. <\/span><span title=\"Le difficolt\u00e0 per accedere al credito \u201cLe diffi colt\u00e0 in questo percorso sono state e sono tuttora tante. \">Difficult\u00e9s d&rsquo;acc\u00e8s au cr\u00e9dit \u00ab\u00a0La diffi cult\u00e9 dans ce processus ont \u00e9t\u00e9 et sont encore nombreux.<br \/>\n<\/span><span title=\"Prima fra tutte la possibilit\u00e0 di accesso al credito!\">De tous la possibilit\u00e9 d&rsquo;acc\u00e8s au cr\u00e9dit d&rsquo;abord! <\/span><span title=\"In particolar modo per un cinquantenne senza una storia imprenditoriale nel suo trascorso.\">Surtout pour une cinquantaine sans une histoire de l&rsquo;entreprise dans ses d\u00e9penses. <\/span><span title=\"L'unica possibilit\u00e0 di ottenere credito dalle banche era, e tuttora lo \u00e8, saldamente legata alla capacit\u00e0 di garantire con propri beni che abbiano un valore che superi di almeno cinque volte le linee di credito concesse.\">La seule fa\u00e7on d&rsquo;obtenir des cr\u00e9dits aupr\u00e8s des banques \u00e9tait, et encore il est fermement li\u00e9e \u00e0 la capacit\u00e9 de garantir \u00e0 leurs actifs ayant une valeur qui est au moins cinq fois les lignes de cr\u00e9dit accord\u00e9es. <\/span><span title=\"Questa \u00e8 stata la grossa diffi colt\u00e0 iniziale, la quale \u00e8 diventata ancor pi\u00f9 imperante oggi, con il sopraggiungere della crisi finanziaria, che ha colpito principalmente le piccole e piccolissime imprese.\">Ce fut les grandes diffi cult\u00e9s initiales, qui est devenu encore plus r\u00e9pandus aujourd&rsquo;hui, avec le d\u00e9but de la crise financi\u00e8re, qui a touch\u00e9 principalement les petites et micro-entreprises.<\/span><\/span>\u00a0<span id=\"result_box\" class=\"\" lang=\"fr\"><span title=\"Ora, una piccola impresa come la mia, con le sue peculiarit\u00e0, che vuole proiettare la sua prospettiva di crescita nel campo degli impianti cosiddetti integrati, ad alto risparmio energetico, trova ancora una volta grande diffi colt\u00e0, di tipo fi nanziario, nell'offrire\">Maintenant, une petite entreprise comme la mienne, avec ses particularit\u00e9s, qui veut projeter ses perspectives de croissance dans le domaine de ce qu&rsquo;on appelle les syst\u00e8mes embarqu\u00e9s, les \u00e9conomies d&rsquo;\u00e9nergie, est une fois de plus grande diffi cult\u00e9 de Type fi nanci\u00e8re, offrant <\/span><span title=\"questa tipologia di impianti su larga scala.\">ce type d&rsquo;installation sur une grande \u00e9chelle. <\/span><span title=\"Sarebbero necessari specifi ci sportelli creditizi in grado di affi ancare e fi nanziare progetti di fornitura di impianti integrati su larga scala. \">Il serait n\u00e9cessaire branches sp\u00e9cifi cr\u00e9dit peut affi projets Ancare et fi nancer la fourniture de syst\u00e8mes int\u00e9gr\u00e9s sur une grande \u00e9chelle.<br \/>\n<\/span><span title=\"Pertanto i soggetti per un'espansione di mercato di questo tipo, dai quali non si pu\u00f2 prescindere, sono tre: utilizzatore di larga scala con scarse capacit\u00e0 di autofi nanziarsi: piccole realt\u00e0 produttive, condomini, ecc.;\">Par cons\u00e9quent, les sujets pour une expansion du march\u00e9 de ce genre, \u00e0 partir de laquelle on ne peut ignorer, sont trois: l&rsquo;utilisateur de grande \u00e9chelle \u00e0 faible r\u00e9alisation nanziarsi de autofi:. Petites soci\u00e9t\u00e9s de production, des condominiums, etc; <\/span><span title=\"impresa con specifi ca capacit\u00e0 di progettazione e fornitura in opera di impianti ad alto contenuto tecnologico e basso consumi \">Soci\u00e9t\u00e9 sp\u00e9cifi ques capacit\u00e9s de conception et la fourniture et l&rsquo;installation de syst\u00e8mes \u00e0 fort contenu technologique \u00e9lev\u00e9, faible consommation <\/span><span title=\"energetici;\">l&rsquo;\u00e9nergie; <\/span><span title=\"sportelli di credito, che affi anchi i due soggetti interessati, con un programma di fi nanziamento e di rientro dei capitali investiti nell'opera.\">branches de cr\u00e9dit, qui a confi\u00e9 les hanches deux personnes concern\u00e9es, avec un programme de financement et le rendement du capital investi dans le travail. <\/span><span title=\"\u00c8 utopia?\">Il est une utopie? <\/span><span title=\"Nel nostro Paese sembra proprio di si!\">Dans notre pays, il semble donc!<\/span><\/span><\/p>\n<\/div><\/section>\n","protected":false},"excerpt":{"rendered":"","protected":false},"author":1,"featured_media":80,"comment_status":"closed","ping_status":"closed","sticky":false,"template":"","format":"standard","meta":{"footnotes":""},"categories":[19],"tags":[36,43,44,31],"class_list":["post-423","post","type-post","status-publish","format-standard","has-post-thumbnail","hentry","category-nouvelles-de-presse","tag-acogei-fr","tag-experience-fr","tag-passion-fr","tag-project"],"yoast_head":"<!-- This site is optimized with the Yoast SEO plugin v28.0 - https:\/\/yoast.com\/product\/yoast-seo-wordpress\/ -->\n<title>Avec l&#039;exp\u00e9rience et la \u00abpassion\u00bb par la plante de projet - ACOGEI<\/title>\n<meta name=\"description\" content=\"Acogei Srl qui a pris les jeunes \u00e0 g\u00e9rer la technologie moderne de l&#039;information: l&#039;exp\u00e9rience et l&#039;innovation\" \/>\n<meta name=\"robots\" content=\"index, follow, max-snippet:-1, max-image-preview:large, max-video-preview:-1\" \/>\n<link rel=\"canonical\" href=\"https:\/\/www.acogei.it\/fr\/nouvelles-de-presse\/avec-lexperience-et-la-passion-par-la-plante-de-projet\/\" \/>\n<meta property=\"og:locale\" content=\"fr_FR\" \/>\n<meta property=\"og:type\" content=\"article\" \/>\n<meta property=\"og:title\" content=\"Avec l&#039;exp\u00e9rience et la \u00abpassion\u00bb par la plante de projet - ACOGEI\" \/>\n<meta property=\"og:description\" content=\"Acogei Srl qui a pris les jeunes \u00e0 g\u00e9rer la technologie moderne de l&#039;information: l&#039;exp\u00e9rience et l&#039;innovation\" \/>\n<meta property=\"og:url\" content=\"https:\/\/www.acogei.it\/fr\/nouvelles-de-presse\/avec-lexperience-et-la-passion-par-la-plante-de-projet\/\" \/>\n<meta property=\"og:site_name\" content=\"ACOGEI\" \/>\n<meta property=\"article:published_time\" content=\"2016-01-11T11:50:07+00:00\" \/>\n<meta property=\"article:modified_time\" content=\"2016-01-11T11:51:48+00:00\" \/>\n<meta property=\"og:image\" content=\"https:\/\/www.acogei.it\/wp-content\/uploads\/2015\/12\/img-acogei-storia.jpg\" \/>\n\t<meta property=\"og:image:width\" content=\"774\" \/>\n\t<meta property=\"og:image:height\" content=\"443\" \/>\n\t<meta property=\"og:image:type\" content=\"image\/jpeg\" \/>\n<meta name=\"author\" content=\"admin\" \/>\n<meta name=\"twitter:card\" content=\"summary_large_image\" \/>\n<meta name=\"twitter:label1\" content=\"\u00c9crit par\" \/>\n\t<meta name=\"twitter:data1\" content=\"admin\" \/>\n\t<meta name=\"twitter:label2\" content=\"Dur\u00e9e de lecture estim\u00e9e\" \/>\n\t<meta name=\"twitter:data2\" content=\"5 minutes\" \/>\n<script type=\"application\/ld+json\" class=\"yoast-schema-graph\">{\"@context\":\"https:\\\/\\\/schema.org\",\"@graph\":[{\"@type\":\"Article\",\"@id\":\"https:\\\/\\\/www.acogei.it\\\/fr\\\/nouvelles-de-presse\\\/avec-lexperience-et-la-passion-par-la-plante-de-projet\\\/#article\",\"isPartOf\":{\"@id\":\"https:\\\/\\\/www.acogei.it\\\/fr\\\/nouvelles-de-presse\\\/avec-lexperience-et-la-passion-par-la-plante-de-projet\\\/\"},\"author\":{\"name\":\"admin\",\"@id\":\"https:\\\/\\\/www.acogei.it\\\/fr\\\/#\\\/schema\\\/person\\\/cf4fc8e979fb4c28f88492c0005e1111\"},\"headline\":\"Avec l&rsquo;exp\u00e9rience et la \u00abpassion\u00bb par la plante de projet\",\"datePublished\":\"2016-01-11T11:50:07+00:00\",\"dateModified\":\"2016-01-11T11:51:48+00:00\",\"mainEntityOfPage\":{\"@id\":\"https:\\\/\\\/www.acogei.it\\\/fr\\\/nouvelles-de-presse\\\/avec-lexperience-et-la-passion-par-la-plante-de-projet\\\/\"},\"wordCount\":1103,\"image\":{\"@id\":\"https:\\\/\\\/www.acogei.it\\\/fr\\\/nouvelles-de-presse\\\/avec-lexperience-et-la-passion-par-la-plante-de-projet\\\/#primaryimage\"},\"thumbnailUrl\":\"https:\\\/\\\/www.acogei.it\\\/wp-content\\\/uploads\\\/2015\\\/12\\\/img-acogei-storia.jpg\",\"keywords\":[\"Acogei\",\"experience\",\"passion\",\"project\"],\"articleSection\":[\"Nouvelles de presse\"],\"inLanguage\":\"fr-FR\"},{\"@type\":\"WebPage\",\"@id\":\"https:\\\/\\\/www.acogei.it\\\/fr\\\/nouvelles-de-presse\\\/avec-lexperience-et-la-passion-par-la-plante-de-projet\\\/\",\"url\":\"https:\\\/\\\/www.acogei.it\\\/fr\\\/nouvelles-de-presse\\\/avec-lexperience-et-la-passion-par-la-plante-de-projet\\\/\",\"name\":\"Avec l'exp\u00e9rience et la \u00abpassion\u00bb par la plante de projet - ACOGEI\",\"isPartOf\":{\"@id\":\"https:\\\/\\\/www.acogei.it\\\/fr\\\/#website\"},\"primaryImageOfPage\":{\"@id\":\"https:\\\/\\\/www.acogei.it\\\/fr\\\/nouvelles-de-presse\\\/avec-lexperience-et-la-passion-par-la-plante-de-projet\\\/#primaryimage\"},\"image\":{\"@id\":\"https:\\\/\\\/www.acogei.it\\\/fr\\\/nouvelles-de-presse\\\/avec-lexperience-et-la-passion-par-la-plante-de-projet\\\/#primaryimage\"},\"thumbnailUrl\":\"https:\\\/\\\/www.acogei.it\\\/wp-content\\\/uploads\\\/2015\\\/12\\\/img-acogei-storia.jpg\",\"datePublished\":\"2016-01-11T11:50:07+00:00\",\"dateModified\":\"2016-01-11T11:51:48+00:00\",\"author\":{\"@id\":\"https:\\\/\\\/www.acogei.it\\\/fr\\\/#\\\/schema\\\/person\\\/cf4fc8e979fb4c28f88492c0005e1111\"},\"description\":\"Acogei Srl qui a pris les jeunes \u00e0 g\u00e9rer la technologie moderne de l'information: l'exp\u00e9rience et l'innovation\",\"breadcrumb\":{\"@id\":\"https:\\\/\\\/www.acogei.it\\\/fr\\\/nouvelles-de-presse\\\/avec-lexperience-et-la-passion-par-la-plante-de-projet\\\/#breadcrumb\"},\"inLanguage\":\"fr-FR\",\"potentialAction\":[{\"@type\":\"ReadAction\",\"target\":[\"https:\\\/\\\/www.acogei.it\\\/fr\\\/nouvelles-de-presse\\\/avec-lexperience-et-la-passion-par-la-plante-de-projet\\\/\"]}]},{\"@type\":\"ImageObject\",\"inLanguage\":\"fr-FR\",\"@id\":\"https:\\\/\\\/www.acogei.it\\\/fr\\\/nouvelles-de-presse\\\/avec-lexperience-et-la-passion-par-la-plante-de-projet\\\/#primaryimage\",\"url\":\"https:\\\/\\\/www.acogei.it\\\/wp-content\\\/uploads\\\/2015\\\/12\\\/img-acogei-storia.jpg\",\"contentUrl\":\"https:\\\/\\\/www.acogei.it\\\/wp-content\\\/uploads\\\/2015\\\/12\\\/img-acogei-storia.jpg\",\"width\":774,\"height\":443,\"caption\":\"Staff ACOGEI\"},{\"@type\":\"BreadcrumbList\",\"@id\":\"https:\\\/\\\/www.acogei.it\\\/fr\\\/nouvelles-de-presse\\\/avec-lexperience-et-la-passion-par-la-plante-de-projet\\\/#breadcrumb\",\"itemListElement\":[{\"@type\":\"ListItem\",\"position\":1,\"name\":\"Home\",\"item\":\"https:\\\/\\\/www.acogei.it\\\/fr\\\/home\\\/\"},{\"@type\":\"ListItem\",\"position\":2,\"name\":\"Avec l&rsquo;exp\u00e9rience et la \u00abpassion\u00bb par la plante de projet\"}]},{\"@type\":\"WebSite\",\"@id\":\"https:\\\/\\\/www.acogei.it\\\/fr\\\/#website\",\"url\":\"https:\\\/\\\/www.acogei.it\\\/fr\\\/\",\"name\":\"ACOGEI\",\"description\":\"\",\"potentialAction\":[{\"@type\":\"SearchAction\",\"target\":{\"@type\":\"EntryPoint\",\"urlTemplate\":\"https:\\\/\\\/www.acogei.it\\\/fr\\\/?s={search_term_string}\"},\"query-input\":{\"@type\":\"PropertyValueSpecification\",\"valueRequired\":true,\"valueName\":\"search_term_string\"}}],\"inLanguage\":\"fr-FR\"},{\"@type\":\"Person\",\"@id\":\"https:\\\/\\\/www.acogei.it\\\/fr\\\/#\\\/schema\\\/person\\\/cf4fc8e979fb4c28f88492c0005e1111\",\"name\":\"admin\",\"url\":\"https:\\\/\\\/www.acogei.it\\\/fr\\\/author\\\/admin\\\/\"}]}<\/script>\n<!-- \/ Yoast SEO plugin. -->","yoast_head_json":{"title":"Avec l'exp\u00e9rience et la \u00abpassion\u00bb par la plante de projet - ACOGEI","description":"Acogei Srl qui a pris les jeunes \u00e0 g\u00e9rer la technologie moderne de l'information: l'exp\u00e9rience et l'innovation","robots":{"index":"index","follow":"follow","max-snippet":"max-snippet:-1","max-image-preview":"max-image-preview:large","max-video-preview":"max-video-preview:-1"},"canonical":"https:\/\/www.acogei.it\/fr\/nouvelles-de-presse\/avec-lexperience-et-la-passion-par-la-plante-de-projet\/","og_locale":"fr_FR","og_type":"article","og_title":"Avec l'exp\u00e9rience et la \u00abpassion\u00bb par la plante de projet - ACOGEI","og_description":"Acogei Srl qui a pris les jeunes \u00e0 g\u00e9rer la technologie moderne de l'information: l'exp\u00e9rience et l'innovation","og_url":"https:\/\/www.acogei.it\/fr\/nouvelles-de-presse\/avec-lexperience-et-la-passion-par-la-plante-de-projet\/","og_site_name":"ACOGEI","article_published_time":"2016-01-11T11:50:07+00:00","article_modified_time":"2016-01-11T11:51:48+00:00","og_image":[{"width":774,"height":443,"url":"https:\/\/www.acogei.it\/wp-content\/uploads\/2015\/12\/img-acogei-storia.jpg","type":"image\/jpeg"}],"author":"admin","twitter_card":"summary_large_image","twitter_misc":{"\u00c9crit par":"admin","Dur\u00e9e de lecture estim\u00e9e":"5 minutes"},"schema":{"@context":"https:\/\/schema.org","@graph":[{"@type":"Article","@id":"https:\/\/www.acogei.it\/fr\/nouvelles-de-presse\/avec-lexperience-et-la-passion-par-la-plante-de-projet\/#article","isPartOf":{"@id":"https:\/\/www.acogei.it\/fr\/nouvelles-de-presse\/avec-lexperience-et-la-passion-par-la-plante-de-projet\/"},"author":{"name":"admin","@id":"https:\/\/www.acogei.it\/fr\/#\/schema\/person\/cf4fc8e979fb4c28f88492c0005e1111"},"headline":"Avec l&rsquo;exp\u00e9rience et la \u00abpassion\u00bb par la plante de projet","datePublished":"2016-01-11T11:50:07+00:00","dateModified":"2016-01-11T11:51:48+00:00","mainEntityOfPage":{"@id":"https:\/\/www.acogei.it\/fr\/nouvelles-de-presse\/avec-lexperience-et-la-passion-par-la-plante-de-projet\/"},"wordCount":1103,"image":{"@id":"https:\/\/www.acogei.it\/fr\/nouvelles-de-presse\/avec-lexperience-et-la-passion-par-la-plante-de-projet\/#primaryimage"},"thumbnailUrl":"https:\/\/www.acogei.it\/wp-content\/uploads\/2015\/12\/img-acogei-storia.jpg","keywords":["Acogei","experience","passion","project"],"articleSection":["Nouvelles de presse"],"inLanguage":"fr-FR"},{"@type":"WebPage","@id":"https:\/\/www.acogei.it\/fr\/nouvelles-de-presse\/avec-lexperience-et-la-passion-par-la-plante-de-projet\/","url":"https:\/\/www.acogei.it\/fr\/nouvelles-de-presse\/avec-lexperience-et-la-passion-par-la-plante-de-projet\/","name":"Avec l'exp\u00e9rience et la \u00abpassion\u00bb par la plante de projet - ACOGEI","isPartOf":{"@id":"https:\/\/www.acogei.it\/fr\/#website"},"primaryImageOfPage":{"@id":"https:\/\/www.acogei.it\/fr\/nouvelles-de-presse\/avec-lexperience-et-la-passion-par-la-plante-de-projet\/#primaryimage"},"image":{"@id":"https:\/\/www.acogei.it\/fr\/nouvelles-de-presse\/avec-lexperience-et-la-passion-par-la-plante-de-projet\/#primaryimage"},"thumbnailUrl":"https:\/\/www.acogei.it\/wp-content\/uploads\/2015\/12\/img-acogei-storia.jpg","datePublished":"2016-01-11T11:50:07+00:00","dateModified":"2016-01-11T11:51:48+00:00","author":{"@id":"https:\/\/www.acogei.it\/fr\/#\/schema\/person\/cf4fc8e979fb4c28f88492c0005e1111"},"description":"Acogei Srl qui a pris les jeunes \u00e0 g\u00e9rer la technologie moderne de l'information: l'exp\u00e9rience et l'innovation","breadcrumb":{"@id":"https:\/\/www.acogei.it\/fr\/nouvelles-de-presse\/avec-lexperience-et-la-passion-par-la-plante-de-projet\/#breadcrumb"},"inLanguage":"fr-FR","potentialAction":[{"@type":"ReadAction","target":["https:\/\/www.acogei.it\/fr\/nouvelles-de-presse\/avec-lexperience-et-la-passion-par-la-plante-de-projet\/"]}]},{"@type":"ImageObject","inLanguage":"fr-FR","@id":"https:\/\/www.acogei.it\/fr\/nouvelles-de-presse\/avec-lexperience-et-la-passion-par-la-plante-de-projet\/#primaryimage","url":"https:\/\/www.acogei.it\/wp-content\/uploads\/2015\/12\/img-acogei-storia.jpg","contentUrl":"https:\/\/www.acogei.it\/wp-content\/uploads\/2015\/12\/img-acogei-storia.jpg","width":774,"height":443,"caption":"Staff ACOGEI"},{"@type":"BreadcrumbList","@id":"https:\/\/www.acogei.it\/fr\/nouvelles-de-presse\/avec-lexperience-et-la-passion-par-la-plante-de-projet\/#breadcrumb","itemListElement":[{"@type":"ListItem","position":1,"name":"Home","item":"https:\/\/www.acogei.it\/fr\/home\/"},{"@type":"ListItem","position":2,"name":"Avec l&rsquo;exp\u00e9rience et la \u00abpassion\u00bb par la plante de projet"}]},{"@type":"WebSite","@id":"https:\/\/www.acogei.it\/fr\/#website","url":"https:\/\/www.acogei.it\/fr\/","name":"ACOGEI","description":"","potentialAction":[{"@type":"SearchAction","target":{"@type":"EntryPoint","urlTemplate":"https:\/\/www.acogei.it\/fr\/?s={search_term_string}"},"query-input":{"@type":"PropertyValueSpecification","valueRequired":true,"valueName":"search_term_string"}}],"inLanguage":"fr-FR"},{"@type":"Person","@id":"https:\/\/www.acogei.it\/fr\/#\/schema\/person\/cf4fc8e979fb4c28f88492c0005e1111","name":"admin","url":"https:\/\/www.acogei.it\/fr\/author\/admin\/"}]}},"_links":{"self":[{"href":"https:\/\/www.acogei.it\/fr\/wp-json\/wp\/v2\/posts\/423","targetHints":{"allow":["GET"]}}],"collection":[{"href":"https:\/\/www.acogei.it\/fr\/wp-json\/wp\/v2\/posts"}],"about":[{"href":"https:\/\/www.acogei.it\/fr\/wp-json\/wp\/v2\/types\/post"}],"author":[{"embeddable":true,"href":"https:\/\/www.acogei.it\/fr\/wp-json\/wp\/v2\/users\/1"}],"replies":[{"embeddable":true,"href":"https:\/\/www.acogei.it\/fr\/wp-json\/wp\/v2\/comments?post=423"}],"version-history":[{"count":2,"href":"https:\/\/www.acogei.it\/fr\/wp-json\/wp\/v2\/posts\/423\/revisions"}],"predecessor-version":[{"id":425,"href":"https:\/\/www.acogei.it\/fr\/wp-json\/wp\/v2\/posts\/423\/revisions\/425"}],"wp:featuredmedia":[{"embeddable":true,"href":"https:\/\/www.acogei.it\/fr\/wp-json\/wp\/v2\/media\/80"}],"wp:attachment":[{"href":"https:\/\/www.acogei.it\/fr\/wp-json\/wp\/v2\/media?parent=423"}],"wp:term":[{"taxonomy":"category","embeddable":true,"href":"https:\/\/www.acogei.it\/fr\/wp-json\/wp\/v2\/categories?post=423"},{"taxonomy":"post_tag","embeddable":true,"href":"https:\/\/www.acogei.it\/fr\/wp-json\/wp\/v2\/tags?post=423"}],"curies":[{"name":"wp","href":"https:\/\/api.w.org\/{rel}","templated":true}]}}